{"id":3708,"date":"2021-07-27T16:41:07","date_gmt":"2021-07-27T16:41:07","guid":{"rendered":"https:\/\/miranda-mediapr.com\/?p=3708"},"modified":"2021-08-03T16:40:54","modified_gmt":"2021-08-03T16:40:54","slug":"alvaro-rodriguez-arregui","status":"publish","type":"post","link":"https:\/\/miranda-mediapr.com\/es\/alvaro-rodriguez-arregui\/","title":{"rendered":"\u00c1lvaro Rodr\u00edguez Arregui"},"content":{"rendered":"<div data-elementor-type=\"wp-post\" data-elementor-id=\"3708\" class=\"elementor elementor-3708\" data-elementor-post-type=\"post\">\n\t\t\t\t\t\t<section class=\"elementor-section elementor-top-section elementor-element elementor-element-ec7d85b elementor-section-height-min-height elementor-section-content-middle elementor-section-stretched elementor-section-full_width elementor-section-height-default elementor-section-items-middle\" data-id=\"ec7d85b\" data-element_type=\"section\" data-e-type=\"section\" data-settings=\"{&quot;background_background&quot;:&quot;classic&quot;,&quot;stretch_section&quot;:&quot;section-stretched&quot;}\">\n\t\t\t\t\t\t\t<div class=\"elementor-background-overlay\"><\/div>\n\t\t\t\t\t\t\t<div class=\"elementor-container elementor-column-gap-default\">\n\t\t\t\t\t<div class=\"elementor-column elementor-col-100 elementor-top-column elementor-element elementor-element-3d6ff16\" data-id=\"3d6ff16\" data-element_type=\"column\" data-e-type=\"column\">\n\t\t\t<div class=\"elementor-widget-wrap elementor-element-populated\">\n\t\t\t\t\t\t<div class=\"elementor-element elementor-element-bd3b86d elementor-widget elementor-widget-heading\" data-id=\"bd3b86d\" data-element_type=\"widget\" data-e-type=\"widget\" data-widget_type=\"heading.default\">\n\t\t\t\t<div class=\"elementor-widget-container\">\n\t\t\t\t\t<h2 class=\"elementor-heading-title elementor-size-default\">\u00c1lvaro Rodr\u00edguez Arregui<\/h2>\t\t\t\t<\/div>\n\t\t\t\t<\/div>\n\t\t\t\t\t<\/div>\n\t\t<\/div>\n\t\t\t\t\t<\/div>\n\t\t<\/section>\n\t\t\t\t<section class=\"elementor-section elementor-top-section elementor-element elementor-element-7cbb103 elementor-section-stretched elementor-section-boxed elementor-section-height-default elementor-section-height-default elementor-invisible\" data-id=\"7cbb103\" data-element_type=\"section\" data-e-type=\"section\" data-settings=\"{&quot;stretch_section&quot;:&quot;section-stretched&quot;,&quot;animation&quot;:&quot;fadeIn&quot;,&quot;background_background&quot;:&quot;classic&quot;}\">\n\t\t\t\t\t\t<div class=\"elementor-container elementor-column-gap-default\">\n\t\t\t\t\t<div class=\"elementor-column elementor-col-100 elementor-top-column elementor-element elementor-element-1acc363\" data-id=\"1acc363\" data-element_type=\"column\" data-e-type=\"column\">\n\t\t\t<div class=\"elementor-widget-wrap elementor-element-populated\">\n\t\t\t\t\t\t<section class=\"elementor-section elementor-inner-section elementor-element elementor-element-d9ad317 elementor-section-boxed elementor-section-height-default elementor-section-height-default\" data-id=\"d9ad317\" data-element_type=\"section\" data-e-type=\"section\">\n\t\t\t\t\t\t<div class=\"elementor-container elementor-column-gap-wider\">\n\t\t\t\t\t<div class=\"elementor-column elementor-col-50 elementor-inner-column elementor-element elementor-element-9a0760b\" data-id=\"9a0760b\" data-element_type=\"column\" data-e-type=\"column\">\n\t\t\t<div class=\"elementor-widget-wrap elementor-element-populated\">\n\t\t\t\t\t\t<div class=\"elementor-element elementor-element-94bef1a elementor-widget elementor-widget-image\" data-id=\"94bef1a\" data-element_type=\"widget\" data-e-type=\"widget\" data-widget_type=\"image.default\">\n\t\t\t\t<div class=\"elementor-widget-container\">\n\t\t\t\t\t\t\t\t\t\t\t\t\t\t\t<img fetchpriority=\"high\" decoding=\"async\" width=\"245\" height=\"245\" src=\"https:\/\/miranda-mediapr.com\/wp-content\/uploads\/2021\/07\/A-rodriguez-4.png\" class=\"attachment-large size-large wp-image-3699\" alt=\"\" srcset=\"https:\/\/miranda-mediapr.com\/wp-content\/uploads\/2021\/07\/A-rodriguez-4.png 245w, https:\/\/miranda-mediapr.com\/wp-content\/uploads\/2021\/07\/A-rodriguez-4-150x150.png 150w, https:\/\/miranda-mediapr.com\/wp-content\/uploads\/2021\/07\/A-rodriguez-4-12x12.png 12w\" sizes=\"(max-width: 245px) 100vw, 245px\" \/>\t\t\t\t\t\t\t\t\t\t\t\t\t\t\t<\/div>\n\t\t\t\t<\/div>\n\t\t\t\t<div class=\"elementor-element elementor-element-ecc3be1 elementor-mobile-align-center elementor-align-center elementor-widget elementor-widget-button\" data-id=\"ecc3be1\" data-element_type=\"widget\" data-e-type=\"widget\" data-widget_type=\"button.default\">\n\t\t\t\t<div class=\"elementor-widget-container\">\n\t\t\t\t\t\t\t\t\t<div class=\"elementor-button-wrapper\">\n\t\t\t\t\t<a class=\"elementor-button elementor-button-link elementor-size-sm elementor-animation-hang\" href=\"https:\/\/www.linkedin.com\/in\/alvaro-rodriguez-arregui-656aab5\/\" target=\"_blank\" rel=\"noopener\">\n\t\t\t\t\t\t<span class=\"elementor-button-content-wrapper\">\n\t\t\t\t\t\t<span class=\"elementor-button-icon\">\n\t\t\t\t\t\t\t<\/span>\n\t\t\t\t\t\t\t\t\t<span class=\"elementor-button-text\">LinkedIn<\/span>\n\t\t\t\t\t<\/span>\n\t\t\t\t\t<\/a>\n\t\t\t\t<\/div>\n\t\t\t\t\t\t\t\t<\/div>\n\t\t\t\t<\/div>\n\t\t\t\t\t<\/div>\n\t\t<\/div>\n\t\t\t\t<div class=\"elementor-column elementor-col-50 elementor-inner-column elementor-element elementor-element-7c39ffd\" data-id=\"7c39ffd\" data-element_type=\"column\" data-e-type=\"column\">\n\t\t\t<div class=\"elementor-widget-wrap elementor-element-populated\">\n\t\t\t\t\t\t<div class=\"elementor-element elementor-element-35db088 elementor-widget elementor-widget-heading\" data-id=\"35db088\" data-element_type=\"widget\" data-e-type=\"widget\" data-widget_type=\"heading.default\">\n\t\t\t\t<div class=\"elementor-widget-container\">\n\t\t\t\t\t<h2 class=\"elementor-heading-title elementor-size-default\">Acerca de<\/h2>\t\t\t\t<\/div>\n\t\t\t\t<\/div>\n\t\t\t\t<div class=\"elementor-element elementor-element-c2340d2 elementor-widget elementor-widget-text-editor\" data-id=\"c2340d2\" data-element_type=\"widget\" data-e-type=\"widget\" data-widget_type=\"text-editor.default\">\n\t\t\t\t<div class=\"elementor-widget-container\">\n\t\t\t\t\t\t\t\t\t<p>\u00c1lvaro Rodr\u00edguez Arregui es co-fundador y socio director de IGNIA, fondo de capital emprendedor enfocado en compa\u00f1\u00edas digitales de Am\u00e9rica Latina o globales entrando a la regi\u00f3n.<\/p><p>Tambi\u00e9n fue presidente del Consejo de Gentera y Compartamos Banco, considerada la instituci\u00f3n de microfinanzas m\u00e1s grande de Am\u00e9rica; de igual manera, se desempe\u00f1\u00f3 como presidente del Consejo de ACCION Internacional, organizaci\u00f3n sin fines de lucro con sede en EEUU enfocada en microfinanzas con 60 a\u00f1os de historia en el sector.<\/p><p>El empresario actualmente participa en los consejos de Centro David Rockefeller de Estudios Latinoamericanos de la Universidad de Harvard, Social Progress Imperative (cofundador), ITAM Epic Entrepreneurship Center, Harvard Business School Latin America Advisory Board y Oxford University Sa\u00efd Business School Global Council.<\/p><p>En su carrera profesional, tambi\u00e9n fue  director financiero de Vitro,  director general de Farmacias Benavides y  director financiero de Grupo Elektra<\/p><p>En M\u00e9xico, \u00c1lvaro Rodr\u00edguez Arregui estudi\u00f3 la licenciatura en Econom\u00eda en el Instituto Tecnol\u00f3gico Aut\u00f3nomo de M\u00e9xico (ITAM), universidad que lo nombr\u00f3 ex alumno distinguido. El empresario tambi\u00e9n cuenta con un Master of Business Administration (MBA) de Harvard Business School.<\/p><p>En 2019, Harvard entreg\u00f3 al empresario, junto a Michael Bloomberg, exalcalde de Nueva York, el premio Distinguished Alumni Award, el m\u00e1s alto honor otorgado a un exalumno de esa instituci\u00f3n, en la que actualmente ense\u00f1a y da mentor\u00eda a alumnos a trav\u00e9s de su papel como Executive Fellow en la instituci\u00f3n.<\/p><p>En 2005, \u00c1lvaro fue nombrado Joven L\u00edder Global (YGL) por el Foro Econ\u00f3mico Mundial (WEF). Forbes lo nombr\u00f3 como uno de los 30 mejores emprendedores sociales del mundo. En 2012, la Organizaci\u00f3n de J\u00f3venes Presidentes (YPO) otorg\u00f3 a \u00c1lvaro el Premio SEN a la Sostenibilidad en Justicia Econ\u00f3mica \/ Impacto Comunitario y en 2014, el presidente de M\u00e9xico lo honr\u00f3 con el Premio Nacional de Emprendimiento.<\/p>\t\t\t\t\t\t\t\t<\/div>\n\t\t\t\t<\/div>\n\t\t\t\t<div class=\"elementor-element elementor-element-a279cb3 elementor-widget elementor-widget-heading\" data-id=\"a279cb3\" data-element_type=\"widget\" data-e-type=\"widget\" data-widget_type=\"heading.default\">\n\t\t\t\t<div class=\"elementor-widget-container\">\n\t\t\t\t\t<h2 class=\"elementor-heading-title elementor-size-default\">Idiomas<\/h2>\t\t\t\t<\/div>\n\t\t\t\t<\/div>\n\t\t\t\t<div class=\"elementor-element elementor-element-470b336 elementor-widget elementor-widget-text-editor\" data-id=\"470b336\" data-element_type=\"widget\" data-e-type=\"widget\" data-widget_type=\"text-editor.default\">\n\t\t\t\t<div class=\"elementor-widget-container\">\n\t\t\t\t\t\t\t\t\t<p>Espa\u00f1ol\/Ingl\u00e9s<\/p>\t\t\t\t\t\t\t\t<\/div>\n\t\t\t\t<\/div>\n\t\t\t\t<div class=\"elementor-element elementor-element-ecbd6de elementor-widget elementor-widget-heading\" data-id=\"ecbd6de\" data-element_type=\"widget\" data-e-type=\"widget\" data-widget_type=\"heading.default\">\n\t\t\t\t<div class=\"elementor-widget-container\">\n\t\t\t\t\t<h2 class=\"elementor-heading-title elementor-size-default\">Temas<\/h2>\t\t\t\t<\/div>\n\t\t\t\t<\/div>\n\t\t\t\t<div class=\"elementor-element elementor-element-3966e79 elementor-widget elementor-widget-text-editor\" data-id=\"3966e79\" data-element_type=\"widget\" data-e-type=\"widget\" data-widget_type=\"text-editor.default\">\n\t\t\t\t<div class=\"elementor-widget-container\">\n\t\t\t\t\t\t\t\t\t<ul><li>Capital emprendedor<\/li><li>Econom\u00eda digital<span style=\"font-weight: 400;\"><br \/><\/span><\/li><\/ul>\t\t\t\t\t\t\t\t<\/div>\n\t\t\t\t<\/div>\n\t\t\t\t<div class=\"elementor-element elementor-element-00cf976 elementor-widget elementor-widget-heading\" data-id=\"00cf976\" data-element_type=\"widget\" data-e-type=\"widget\" data-widget_type=\"heading.default\">\n\t\t\t\t<div class=\"elementor-widget-container\">\n\t\t\t\t\t<h2 class=\"elementor-heading-title elementor-size-default\">Multimedia<\/h2>\t\t\t\t<\/div>\n\t\t\t\t<\/div>\n\t\t\t\t\t<\/div>\n\t\t<\/div>\n\t\t\t\t\t<\/div>\n\t\t<\/section>\n\t\t\t\t\t<\/div>\n\t\t<\/div>\n\t\t\t\t\t<\/div>\n\t\t<\/section>\n\t\t\t\t<\/div>","protected":false},"excerpt":{"rendered":"<p>\u00c1lvaro Rodr\u00edguez Arregui LinkedIn About \u00c1lvaro Rodr\u00edguez Arregui is co-founder and managing partner of IGNIA, a venture capital fund focused on Latin American digital companies and global digital companies entering the region. Rodr\u00edguez Arregui was also chairman of Gentera group and Compartamos Banco, considered one of the largest microfinance institutions in the Americas; he also [&hellip;]<\/p>\n","protected":false},"author":1,"featured_media":0,"comment_status":"open","ping_status":"open","sticky":false,"template":"","format":"standard","meta":{"footnotes":""},"categories":[1],"tags":[],"class_list":["post-3708","post","type-post","status-publish","format-standard","hentry","category-uncategorized"],"_links":{"self":[{"href":"https:\/\/miranda-mediapr.com\/es\/wp-json\/wp\/v2\/posts\/3708","targetHints":{"allow":["GET"]}}],"collection":[{"href":"https:\/\/miranda-mediapr.com\/es\/wp-json\/wp\/v2\/posts"}],"about":[{"href":"https:\/\/miranda-mediapr.com\/es\/wp-json\/wp\/v2\/types\/post"}],"author":[{"embeddable":true,"href":"https:\/\/miranda-mediapr.com\/es\/wp-json\/wp\/v2\/users\/1"}],"replies":[{"embeddable":true,"href":"https:\/\/miranda-mediapr.com\/es\/wp-json\/wp\/v2\/comments?post=3708"}],"version-history":[{"count":0,"href":"https:\/\/miranda-mediapr.com\/es\/wp-json\/wp\/v2\/posts\/3708\/revisions"}],"wp:attachment":[{"href":"https:\/\/miranda-mediapr.com\/es\/wp-json\/wp\/v2\/media?parent=3708"}],"wp:term":[{"taxonomy":"category","embeddable":true,"href":"https:\/\/miranda-mediapr.com\/es\/wp-json\/wp\/v2\/categories?post=3708"},{"taxonomy":"post_tag","embeddable":true,"href":"https:\/\/miranda-mediapr.com\/es\/wp-json\/wp\/v2\/tags?post=3708"}],"curies":[{"name":"wp","href":"https:\/\/api.w.org\/{rel}","templated":true}]}}