{"id":3384,"date":"2021-05-28T15:47:54","date_gmt":"2021-05-28T15:47:54","guid":{"rendered":"https:\/\/miranda-mediapr.com\/?p=3384"},"modified":"2021-07-27T17:14:33","modified_gmt":"2021-07-27T17:14:33","slug":"ana-paula-ordorica","status":"publish","type":"post","link":"https:\/\/miranda-mediapr.com\/es\/ana-paula-ordorica\/","title":{"rendered":"Ana Paula Ordorica"},"content":{"rendered":"<div data-elementor-type=\"wp-post\" data-elementor-id=\"3384\" class=\"elementor elementor-3384\" data-elementor-post-type=\"post\">\n\t\t\t\t\t\t<section class=\"elementor-section elementor-top-section elementor-element elementor-element-ec7d85b elementor-section-height-min-height elementor-section-content-middle elementor-section-stretched elementor-section-full_width elementor-section-height-default elementor-section-items-middle\" data-id=\"ec7d85b\" data-element_type=\"section\" data-e-type=\"section\" data-settings=\"{&quot;background_background&quot;:&quot;classic&quot;,&quot;stretch_section&quot;:&quot;section-stretched&quot;}\">\n\t\t\t\t\t\t\t<div class=\"elementor-background-overlay\"><\/div>\n\t\t\t\t\t\t\t<div class=\"elementor-container elementor-column-gap-default\">\n\t\t\t\t\t<div class=\"elementor-column elementor-col-100 elementor-top-column elementor-element elementor-element-3d6ff16\" data-id=\"3d6ff16\" data-element_type=\"column\" data-e-type=\"column\">\n\t\t\t<div class=\"elementor-widget-wrap elementor-element-populated\">\n\t\t\t\t\t\t<div class=\"elementor-element elementor-element-bd3b86d elementor-widget elementor-widget-heading\" data-id=\"bd3b86d\" data-element_type=\"widget\" data-e-type=\"widget\" data-widget_type=\"heading.default\">\n\t\t\t\t<div class=\"elementor-widget-container\">\n\t\t\t\t\t<h2 class=\"elementor-heading-title elementor-size-default\">Ana Paula Ordorica <\/h2>\t\t\t\t<\/div>\n\t\t\t\t<\/div>\n\t\t\t\t\t<\/div>\n\t\t<\/div>\n\t\t\t\t\t<\/div>\n\t\t<\/section>\n\t\t\t\t<section class=\"elementor-section elementor-top-section elementor-element elementor-element-7cbb103 elementor-section-stretched elementor-section-boxed elementor-section-height-default elementor-section-height-default elementor-invisible\" data-id=\"7cbb103\" data-element_type=\"section\" data-e-type=\"section\" data-settings=\"{&quot;stretch_section&quot;:&quot;section-stretched&quot;,&quot;animation&quot;:&quot;fadeIn&quot;,&quot;background_background&quot;:&quot;classic&quot;}\">\n\t\t\t\t\t\t<div class=\"elementor-container elementor-column-gap-default\">\n\t\t\t\t\t<div class=\"elementor-column elementor-col-100 elementor-top-column elementor-element elementor-element-1acc363\" data-id=\"1acc363\" data-element_type=\"column\" data-e-type=\"column\">\n\t\t\t<div class=\"elementor-widget-wrap elementor-element-populated\">\n\t\t\t\t\t\t<section class=\"elementor-section elementor-inner-section elementor-element elementor-element-d9ad317 elementor-section-boxed elementor-section-height-default elementor-section-height-default\" data-id=\"d9ad317\" data-element_type=\"section\" data-e-type=\"section\">\n\t\t\t\t\t\t<div class=\"elementor-container elementor-column-gap-wider\">\n\t\t\t\t\t<div class=\"elementor-column elementor-col-50 elementor-inner-column elementor-element elementor-element-9a0760b\" data-id=\"9a0760b\" data-element_type=\"column\" data-e-type=\"column\">\n\t\t\t<div class=\"elementor-widget-wrap elementor-element-populated\">\n\t\t\t\t\t\t<div class=\"elementor-element elementor-element-94bef1a elementor-widget elementor-widget-image\" data-id=\"94bef1a\" data-element_type=\"widget\" data-e-type=\"widget\" data-widget_type=\"image.default\">\n\t\t\t\t<div class=\"elementor-widget-container\">\n\t\t\t\t\t\t\t\t\t\t\t\t\t\t\t<img fetchpriority=\"high\" decoding=\"async\" width=\"600\" height=\"600\" src=\"https:\/\/miranda-mediapr.com\/wp-content\/uploads\/2021\/05\/ana_paula_2.png\" class=\"attachment-large size-large wp-image-2831\" alt=\"\" srcset=\"https:\/\/miranda-mediapr.com\/wp-content\/uploads\/2021\/05\/ana_paula_2.png 600w, https:\/\/miranda-mediapr.com\/wp-content\/uploads\/2021\/05\/ana_paula_2-300x300.png 300w, https:\/\/miranda-mediapr.com\/wp-content\/uploads\/2021\/05\/ana_paula_2-150x150.png 150w, https:\/\/miranda-mediapr.com\/wp-content\/uploads\/2021\/05\/ana_paula_2-12x12.png 12w\" sizes=\"(max-width: 600px) 100vw, 600px\" \/>\t\t\t\t\t\t\t\t\t\t\t\t\t\t\t<\/div>\n\t\t\t\t<\/div>\n\t\t\t\t<div class=\"elementor-element elementor-element-ecc3be1 elementor-mobile-align-center elementor-align-center elementor-widget elementor-widget-button\" data-id=\"ecc3be1\" data-element_type=\"widget\" data-e-type=\"widget\" data-widget_type=\"button.default\">\n\t\t\t\t<div class=\"elementor-widget-container\">\n\t\t\t\t\t\t\t\t\t<div class=\"elementor-button-wrapper\">\n\t\t\t\t\t<a class=\"elementor-button elementor-button-link elementor-size-sm elementor-animation-hang\" href=\"https:\/\/www.linkedin.com\/in\/ana-paula-ordorica-mariscal-28914b19b\/\" target=\"_blank\" rel=\"noopener\">\n\t\t\t\t\t\t<span class=\"elementor-button-content-wrapper\">\n\t\t\t\t\t\t<span class=\"elementor-button-icon\">\n\t\t\t\t\t\t\t<\/span>\n\t\t\t\t\t\t\t\t\t<span class=\"elementor-button-text\">LinkedIn<\/span>\n\t\t\t\t\t<\/span>\n\t\t\t\t\t<\/a>\n\t\t\t\t<\/div>\n\t\t\t\t\t\t\t\t<\/div>\n\t\t\t\t<\/div>\n\t\t\t\t\t<\/div>\n\t\t<\/div>\n\t\t\t\t<div class=\"elementor-column elementor-col-50 elementor-inner-column elementor-element elementor-element-7c39ffd\" data-id=\"7c39ffd\" data-element_type=\"column\" data-e-type=\"column\">\n\t\t\t<div class=\"elementor-widget-wrap elementor-element-populated\">\n\t\t\t\t\t\t<div class=\"elementor-element elementor-element-35db088 elementor-widget elementor-widget-heading\" data-id=\"35db088\" data-element_type=\"widget\" data-e-type=\"widget\" data-widget_type=\"heading.default\">\n\t\t\t\t<div class=\"elementor-widget-container\">\n\t\t\t\t\t<h2 class=\"elementor-heading-title elementor-size-default\">Acerca de<\/h2>\t\t\t\t<\/div>\n\t\t\t\t<\/div>\n\t\t\t\t<div class=\"elementor-element elementor-element-c2340d2 elementor-widget elementor-widget-text-editor\" data-id=\"c2340d2\" data-element_type=\"widget\" data-e-type=\"widget\" data-widget_type=\"text-editor.default\">\n\t\t\t\t<div class=\"elementor-widget-container\">\n\t\t\t\t\t\t\t\t\t<p class=\"translation-block\">La periodista mexicana Ana Paula Ordorica es actualmente la titular del programa 'A las Tres' que se transmite por la se\u00f1al de Foro TV, en Televisa. Ordorica publica su columna 'Br\u00fajula' en el peri\u00f3dico El Universal; en esta trata temas de pol\u00edtica nacional e internacional.<\/p><p class=\"translation-block\">En 'Broojula', un podcast que se publica en las principales plataformas para este contenido (Spotify; Apple Podcasts; SoundCloud; etc), Ana Paula Ordorica resume y analiza las noticias del d\u00eda de M\u00e9xico y otros pa\u00edses de lunes a viernes en menos de 20 minutos.<\/p><p>Como conferencista, la periodista se enfoca en temas de pol\u00edtica interior e internacional, y con un lenguaje sencillo y accesible trata de explicar a su p\u00fablico los acontecimientos que marcan agenda.<\/p><p>Ordorica es licenciada en Relaciones Internacionales por el Instituto Tecnol\u00f3gico Aut\u00f3nomo de M\u00e9xico (ITAM).<\/p><p>\u00a0<\/p><p><strong>Logros adicionales<\/strong><\/p><p class=\"translation-block\">Ana Paula Ordorica es tambi\u00e9n autora del libro '2012: Los Dos Punteros. Dos Conversaciones' (2012) y coordinadora de 'Uno+Uno: 32 L\u00edderes Sumando por M\u00e9xico' (2011)<\/p><p>Ganadora del premio 'M\u00e9rito Profesional' 2015 del ITAM.<\/p>\t\t\t\t\t\t\t\t<\/div>\n\t\t\t\t<\/div>\n\t\t\t\t<div class=\"elementor-element elementor-element-a279cb3 elementor-widget elementor-widget-heading\" data-id=\"a279cb3\" data-element_type=\"widget\" data-e-type=\"widget\" data-widget_type=\"heading.default\">\n\t\t\t\t<div class=\"elementor-widget-container\">\n\t\t\t\t\t<h2 class=\"elementor-heading-title elementor-size-default\">Idiomas<\/h2>\t\t\t\t<\/div>\n\t\t\t\t<\/div>\n\t\t\t\t<div class=\"elementor-element elementor-element-470b336 elementor-widget elementor-widget-text-editor\" data-id=\"470b336\" data-element_type=\"widget\" data-e-type=\"widget\" data-widget_type=\"text-editor.default\">\n\t\t\t\t<div class=\"elementor-widget-container\">\n\t\t\t\t\t\t\t\t\t<p>Espa\u00f1ol\/Ingl\u00e9s<\/p>\t\t\t\t\t\t\t\t<\/div>\n\t\t\t\t<\/div>\n\t\t\t\t<div class=\"elementor-element elementor-element-ecbd6de elementor-widget elementor-widget-heading\" data-id=\"ecbd6de\" data-element_type=\"widget\" data-e-type=\"widget\" data-widget_type=\"heading.default\">\n\t\t\t\t<div class=\"elementor-widget-container\">\n\t\t\t\t\t<h2 class=\"elementor-heading-title elementor-size-default\">Temas<\/h2>\t\t\t\t<\/div>\n\t\t\t\t<\/div>\n\t\t\t\t<div class=\"elementor-element elementor-element-3966e79 elementor-widget elementor-widget-text-editor\" data-id=\"3966e79\" data-element_type=\"widget\" data-e-type=\"widget\" data-widget_type=\"text-editor.default\">\n\t\t\t\t<div class=\"elementor-widget-container\">\n\t\t\t\t\t\t\t\t\t<ul><li>Pol\u00edtica nacional<\/li><li>Relaciones internacionales<\/li><li>Pol\u00edtica de Estados Unidos<\/li><\/ul>\t\t\t\t\t\t\t\t<\/div>\n\t\t\t\t<\/div>\n\t\t\t\t<div class=\"elementor-element elementor-element-00cf976 elementor-widget elementor-widget-heading\" data-id=\"00cf976\" data-element_type=\"widget\" data-e-type=\"widget\" data-widget_type=\"heading.default\">\n\t\t\t\t<div class=\"elementor-widget-container\">\n\t\t\t\t\t<h2 class=\"elementor-heading-title elementor-size-default\">Multimedia<\/h2>\t\t\t\t<\/div>\n\t\t\t\t<\/div>\n\t\t\t\t<div class=\"elementor-element elementor-element-e3578ac elementor-widget elementor-widget-video\" data-id=\"e3578ac\" data-element_type=\"widget\" data-e-type=\"widget\" data-settings=\"{&quot;youtube_url&quot;:&quot;https:\\\/\\\/www.youtube.com\\\/watch?v=Mv_C6F1TE6k&quot;,&quot;video_type&quot;:&quot;youtube&quot;,&quot;controls&quot;:&quot;yes&quot;}\" data-widget_type=\"video.default\">\n\t\t\t\t<div class=\"elementor-widget-container\">\n\t\t\t\t\t\t\t<div class=\"elementor-wrapper elementor-open-inline\">\n\t\t\t<div class=\"elementor-video\"><\/div>\t\t<\/div>\n\t\t\t\t\t\t<\/div>\n\t\t\t\t<\/div>\n\t\t\t\t<div class=\"elementor-element elementor-element-b33e206 elementor-widget elementor-widget-video\" data-id=\"b33e206\" data-element_type=\"widget\" data-e-type=\"widget\" data-settings=\"{&quot;youtube_url&quot;:&quot;https:\\\/\\\/www.youtube.com\\\/watch?v=EQBfCvPLFlc&quot;,&quot;video_type&quot;:&quot;youtube&quot;,&quot;controls&quot;:&quot;yes&quot;}\" data-widget_type=\"video.default\">\n\t\t\t\t<div class=\"elementor-widget-container\">\n\t\t\t\t\t\t\t<div class=\"elementor-wrapper elementor-open-inline\">\n\t\t\t<div class=\"elementor-video\"><\/div>\t\t<\/div>\n\t\t\t\t\t\t<\/div>\n\t\t\t\t<\/div>\n\t\t\t\t\t<\/div>\n\t\t<\/div>\n\t\t\t\t\t<\/div>\n\t\t<\/section>\n\t\t\t\t\t<\/div>\n\t\t<\/div>\n\t\t\t\t\t<\/div>\n\t\t<\/section>\n\t\t\t\t<\/div>","protected":false},"excerpt":{"rendered":"<p>Ana Paula Ordorica LinkedIn About Ana Paula Ordorica is currently the anchor of the program A las Tres&nbsp;that is broadcasted on&nbsp;Foro TV&nbsp;channel on Televisa. Every week,&nbsp;Ordorica&nbsp;publishes her column&nbsp;Br\u00fajula&nbsp;in the newspaper&nbsp;El Universal&nbsp;in which she covers national and international political issues. In&nbsp;Broojula, a podcats that is published on most plataforms (Apple; Spotify; iHeart radio; SoundCloud; etc),&nbsp;Ana&nbsp;Paula&nbsp;Ordorica&nbsp;analyzes the [&hellip;]<\/p>\n","protected":false},"author":1,"featured_media":0,"comment_status":"open","ping_status":"open","sticky":false,"template":"elementor_header_footer","format":"standard","meta":{"footnotes":""},"categories":[1],"tags":[],"class_list":["post-3384","post","type-post","status-publish","format-standard","hentry","category-uncategorized"],"_links":{"self":[{"href":"https:\/\/miranda-mediapr.com\/es\/wp-json\/wp\/v2\/posts\/3384","targetHints":{"allow":["GET"]}}],"collection":[{"href":"https:\/\/miranda-mediapr.com\/es\/wp-json\/wp\/v2\/posts"}],"about":[{"href":"https:\/\/miranda-mediapr.com\/es\/wp-json\/wp\/v2\/types\/post"}],"author":[{"embeddable":true,"href":"https:\/\/miranda-mediapr.com\/es\/wp-json\/wp\/v2\/users\/1"}],"replies":[{"embeddable":true,"href":"https:\/\/miranda-mediapr.com\/es\/wp-json\/wp\/v2\/comments?post=3384"}],"version-history":[{"count":0,"href":"https:\/\/miranda-mediapr.com\/es\/wp-json\/wp\/v2\/posts\/3384\/revisions"}],"wp:attachment":[{"href":"https:\/\/miranda-mediapr.com\/es\/wp-json\/wp\/v2\/media?parent=3384"}],"wp:term":[{"taxonomy":"category","embeddable":true,"href":"https:\/\/miranda-mediapr.com\/es\/wp-json\/wp\/v2\/categories?post=3384"},{"taxonomy":"post_tag","embeddable":true,"href":"https:\/\/miranda-mediapr.com\/es\/wp-json\/wp\/v2\/tags?post=3384"}],"curies":[{"name":"wp","href":"https:\/\/api.w.org\/{rel}","templated":true}]}}