{"id":3708,"date":"2021-07-27T16:41:07","date_gmt":"2021-07-27T16:41:07","guid":{"rendered":"https:\/\/miranda-mediapr.com\/?p=3708"},"modified":"2021-08-03T16:40:54","modified_gmt":"2021-08-03T16:40:54","slug":"alvaro-rodriguez-arregui","status":"publish","type":"post","link":"https:\/\/miranda-mediapr.com\/en\/alvaro-rodriguez-arregui\/","title":{"rendered":"\u00c1lvaro Rodr\u00edguez Arregui"},"content":{"rendered":"\t\t<div data-elementor-type=\"wp-post\" data-elementor-id=\"3708\" class=\"elementor elementor-3708\" data-elementor-post-type=\"post\">\n\t\t\t\t\t\t<section class=\"elementor-section elementor-top-section elementor-element elementor-element-ec7d85b elementor-section-height-min-height elementor-section-content-middle elementor-section-stretched elementor-section-full_width elementor-section-height-default elementor-section-items-middle\" data-id=\"ec7d85b\" data-element_type=\"section\" data-e-type=\"section\" data-settings=\"{&quot;background_background&quot;:&quot;classic&quot;,&quot;stretch_section&quot;:&quot;section-stretched&quot;}\">\n\t\t\t\t\t\t\t<div class=\"elementor-background-overlay\"><\/div>\n\t\t\t\t\t\t\t<div class=\"elementor-container elementor-column-gap-default\">\n\t\t\t\t\t<div class=\"elementor-column elementor-col-100 elementor-top-column elementor-element elementor-element-3d6ff16\" data-id=\"3d6ff16\" data-element_type=\"column\" data-e-type=\"column\">\n\t\t\t<div class=\"elementor-widget-wrap elementor-element-populated\">\n\t\t\t\t\t\t<div class=\"elementor-element elementor-element-bd3b86d elementor-widget elementor-widget-heading\" data-id=\"bd3b86d\" data-element_type=\"widget\" data-e-type=\"widget\" data-widget_type=\"heading.default\">\n\t\t\t\t<div class=\"elementor-widget-container\">\n\t\t\t\t\t<h2 class=\"elementor-heading-title elementor-size-default\">\u00c1lvaro Rodr\u00edguez Arregui<\/h2>\t\t\t\t<\/div>\n\t\t\t\t<\/div>\n\t\t\t\t\t<\/div>\n\t\t<\/div>\n\t\t\t\t\t<\/div>\n\t\t<\/section>\n\t\t\t\t<section class=\"elementor-section elementor-top-section elementor-element elementor-element-7cbb103 elementor-section-stretched elementor-section-boxed elementor-section-height-default elementor-section-height-default elementor-invisible\" data-id=\"7cbb103\" data-element_type=\"section\" data-e-type=\"section\" data-settings=\"{&quot;stretch_section&quot;:&quot;section-stretched&quot;,&quot;animation&quot;:&quot;fadeIn&quot;,&quot;background_background&quot;:&quot;classic&quot;}\">\n\t\t\t\t\t\t<div class=\"elementor-container elementor-column-gap-default\">\n\t\t\t\t\t<div class=\"elementor-column elementor-col-100 elementor-top-column elementor-element elementor-element-1acc363\" data-id=\"1acc363\" data-element_type=\"column\" data-e-type=\"column\">\n\t\t\t<div class=\"elementor-widget-wrap elementor-element-populated\">\n\t\t\t\t\t\t<section class=\"elementor-section elementor-inner-section elementor-element elementor-element-d9ad317 elementor-section-boxed elementor-section-height-default elementor-section-height-default\" data-id=\"d9ad317\" data-element_type=\"section\" data-e-type=\"section\">\n\t\t\t\t\t\t<div class=\"elementor-container elementor-column-gap-wider\">\n\t\t\t\t\t<div class=\"elementor-column elementor-col-50 elementor-inner-column elementor-element elementor-element-9a0760b\" data-id=\"9a0760b\" data-element_type=\"column\" data-e-type=\"column\">\n\t\t\t<div class=\"elementor-widget-wrap elementor-element-populated\">\n\t\t\t\t\t\t<div class=\"elementor-element elementor-element-94bef1a elementor-widget elementor-widget-image\" data-id=\"94bef1a\" data-element_type=\"widget\" data-e-type=\"widget\" data-widget_type=\"image.default\">\n\t\t\t\t<div class=\"elementor-widget-container\">\n\t\t\t\t\t\t\t\t\t\t\t\t\t\t\t<img fetchpriority=\"high\" decoding=\"async\" width=\"245\" height=\"245\" src=\"https:\/\/miranda-mediapr.com\/wp-content\/uploads\/2021\/07\/A-rodriguez-4.png\" class=\"attachment-large size-large wp-image-3699\" alt=\"\" srcset=\"https:\/\/miranda-mediapr.com\/wp-content\/uploads\/2021\/07\/A-rodriguez-4.png 245w, https:\/\/miranda-mediapr.com\/wp-content\/uploads\/2021\/07\/A-rodriguez-4-150x150.png 150w, https:\/\/miranda-mediapr.com\/wp-content\/uploads\/2021\/07\/A-rodriguez-4-12x12.png 12w\" sizes=\"(max-width: 245px) 100vw, 245px\" \/>\t\t\t\t\t\t\t\t\t\t\t\t\t\t\t<\/div>\n\t\t\t\t<\/div>\n\t\t\t\t<div class=\"elementor-element elementor-element-ecc3be1 elementor-mobile-align-center elementor-align-center elementor-widget elementor-widget-button\" data-id=\"ecc3be1\" data-element_type=\"widget\" data-e-type=\"widget\" data-widget_type=\"button.default\">\n\t\t\t\t<div class=\"elementor-widget-container\">\n\t\t\t\t\t\t\t\t\t<div class=\"elementor-button-wrapper\">\n\t\t\t\t\t<a class=\"elementor-button elementor-button-link elementor-size-sm elementor-animation-hang\" href=\"https:\/\/www.linkedin.com\/in\/alvaro-rodriguez-arregui-656aab5\/\" target=\"_blank\" rel=\"noopener\">\n\t\t\t\t\t\t<span class=\"elementor-button-content-wrapper\">\n\t\t\t\t\t\t<span class=\"elementor-button-icon\">\n\t\t\t\t\t\t\t<\/span>\n\t\t\t\t\t\t\t\t\t<span class=\"elementor-button-text\">LinkedIn<\/span>\n\t\t\t\t\t<\/span>\n\t\t\t\t\t<\/a>\n\t\t\t\t<\/div>\n\t\t\t\t\t\t\t\t<\/div>\n\t\t\t\t<\/div>\n\t\t\t\t\t<\/div>\n\t\t<\/div>\n\t\t\t\t<div class=\"elementor-column elementor-col-50 elementor-inner-column elementor-element elementor-element-7c39ffd\" data-id=\"7c39ffd\" data-element_type=\"column\" data-e-type=\"column\">\n\t\t\t<div class=\"elementor-widget-wrap elementor-element-populated\">\n\t\t\t\t\t\t<div class=\"elementor-element elementor-element-35db088 elementor-widget elementor-widget-heading\" data-id=\"35db088\" data-element_type=\"widget\" data-e-type=\"widget\" data-widget_type=\"heading.default\">\n\t\t\t\t<div class=\"elementor-widget-container\">\n\t\t\t\t\t<h2 class=\"elementor-heading-title elementor-size-default\">About<\/h2>\t\t\t\t<\/div>\n\t\t\t\t<\/div>\n\t\t\t\t<div class=\"elementor-element elementor-element-c2340d2 elementor-widget elementor-widget-text-editor\" data-id=\"c2340d2\" data-element_type=\"widget\" data-e-type=\"widget\" data-widget_type=\"text-editor.default\">\n\t\t\t\t<div class=\"elementor-widget-container\">\n\t\t\t\t\t\t\t\t\t<p>\u00c1lvaro Rodr\u00edguez Arregui is co-founder and managing partner of IGNIA, a venture capital fund focused on Latin American digital companies and global digital companies entering the region.<\/p><p>Rodr\u00edguez Arregui was also chairman of Gentera group and Compartamos Banco, considered one of the largest microfinance institutions in the Americas; he also served as chairman of the board for ACCION Internacional, a US-based non profit organization focused on microfinance with more than 60 years of experience in the sector.<\/p><p>He currently serves on the board of Harvard University\u00b4s David Rockefeller Center for Latin American Studies, Social Progress Imperative (co-founder), ITAM Epic Entrepreneurship Center, Harvard Business School, Larin America Advisory Board, and Oxford University Sa\u00efd Business School Global Council<\/p><p>His professional career also includes positions as CFO of Vitro, CEO of Farmacias Benavides and CFO of Grupo Elektra.<\/p><p>In Mexico, \u00c1lvaro Rodr\u00edguez Arregui studied economics at the Instituto Tecnol\u00f3gico Aut\u00f3nomo de M\u00e9xico (ITAM), and was later awarded the name of distinguished alumnus by the university. He also holds a Master of Business Administration (MBA) from Harvard Business School.<\/p><p>In 2019, Harvard awarded Rodr\u00edguez Arregui, together with Michael Bloomberg, New York\u00b4s former major, the Distinguished Alumni Award, the highest honor given to an alumnus of that institution, where he currently teaches and mentors students through his role as an Executive Fellow.<\/p><p>In 2005, \u00c1lvaro was named Young Global Leader (YGL) by the World Economic Forum (WEF). Forbes placed him as one of the top 30 social entrepreneurs in the world. In 2012, the Young President Organization (YPO) awarded \u00c1lvaro with the SEN Award for Sustainability in Economic Justice\/Community Impact and in 2014, the president of Mexico honoured him with the National Entrepreneurship Award.<\/p>\t\t\t\t\t\t\t\t<\/div>\n\t\t\t\t<\/div>\n\t\t\t\t<div class=\"elementor-element elementor-element-a279cb3 elementor-widget elementor-widget-heading\" data-id=\"a279cb3\" data-element_type=\"widget\" data-e-type=\"widget\" data-widget_type=\"heading.default\">\n\t\t\t\t<div class=\"elementor-widget-container\">\n\t\t\t\t\t<h2 class=\"elementor-heading-title elementor-size-default\">Languages<\/h2>\t\t\t\t<\/div>\n\t\t\t\t<\/div>\n\t\t\t\t<div class=\"elementor-element elementor-element-470b336 elementor-widget elementor-widget-text-editor\" data-id=\"470b336\" data-element_type=\"widget\" data-e-type=\"widget\" data-widget_type=\"text-editor.default\">\n\t\t\t\t<div class=\"elementor-widget-container\">\n\t\t\t\t\t\t\t\t\t<p>Spanish\/English<\/p>\t\t\t\t\t\t\t\t<\/div>\n\t\t\t\t<\/div>\n\t\t\t\t<div class=\"elementor-element elementor-element-ecbd6de elementor-widget elementor-widget-heading\" data-id=\"ecbd6de\" data-element_type=\"widget\" data-e-type=\"widget\" data-widget_type=\"heading.default\">\n\t\t\t\t<div class=\"elementor-widget-container\">\n\t\t\t\t\t<h2 class=\"elementor-heading-title elementor-size-default\">Topics<\/h2>\t\t\t\t<\/div>\n\t\t\t\t<\/div>\n\t\t\t\t<div class=\"elementor-element elementor-element-3966e79 elementor-widget elementor-widget-text-editor\" data-id=\"3966e79\" data-element_type=\"widget\" data-e-type=\"widget\" data-widget_type=\"text-editor.default\">\n\t\t\t\t<div class=\"elementor-widget-container\">\n\t\t\t\t\t\t\t\t\t<ul><li>Entrepenurial capital<\/li><li>Digital economy<span style=\"font-weight: 400;\"><br \/><\/span><\/li><\/ul>\t\t\t\t\t\t\t\t<\/div>\n\t\t\t\t<\/div>\n\t\t\t\t<div class=\"elementor-element elementor-element-00cf976 elementor-widget elementor-widget-heading\" data-id=\"00cf976\" data-element_type=\"widget\" data-e-type=\"widget\" data-widget_type=\"heading.default\">\n\t\t\t\t<div class=\"elementor-widget-container\">\n\t\t\t\t\t<h2 class=\"elementor-heading-title elementor-size-default\">Multimedia<\/h2>\t\t\t\t<\/div>\n\t\t\t\t<\/div>\n\t\t\t\t\t<\/div>\n\t\t<\/div>\n\t\t\t\t\t<\/div>\n\t\t<\/section>\n\t\t\t\t\t<\/div>\n\t\t<\/div>\n\t\t\t\t\t<\/div>\n\t\t<\/section>\n\t\t\t\t<\/div>\n\t\t","protected":false},"excerpt":{"rendered":"<p>\u00c1lvaro Rodr\u00edguez Arregui LinkedIn About \u00c1lvaro Rodr\u00edguez Arregui is co-founder and managing partner of IGNIA, a venture capital fund focused on Latin American digital companies and global digital companies entering the region. Rodr\u00edguez Arregui was also chairman of Gentera group and Compartamos Banco, considered one of the largest microfinance institutions in the Americas; he also [&hellip;]<\/p>\n","protected":false},"author":1,"featured_media":0,"comment_status":"open","ping_status":"open","sticky":false,"template":"","format":"standard","meta":{"footnotes":""},"categories":[1],"tags":[],"class_list":["post-3708","post","type-post","status-publish","format-standard","hentry","category-uncategorized"],"_links":{"self":[{"href":"https:\/\/miranda-mediapr.com\/en\/wp-json\/wp\/v2\/posts\/3708","targetHints":{"allow":["GET"]}}],"collection":[{"href":"https:\/\/miranda-mediapr.com\/en\/wp-json\/wp\/v2\/posts"}],"about":[{"href":"https:\/\/miranda-mediapr.com\/en\/wp-json\/wp\/v2\/types\/post"}],"author":[{"embeddable":true,"href":"https:\/\/miranda-mediapr.com\/en\/wp-json\/wp\/v2\/users\/1"}],"replies":[{"embeddable":true,"href":"https:\/\/miranda-mediapr.com\/en\/wp-json\/wp\/v2\/comments?post=3708"}],"version-history":[{"count":0,"href":"https:\/\/miranda-mediapr.com\/en\/wp-json\/wp\/v2\/posts\/3708\/revisions"}],"wp:attachment":[{"href":"https:\/\/miranda-mediapr.com\/en\/wp-json\/wp\/v2\/media?parent=3708"}],"wp:term":[{"taxonomy":"category","embeddable":true,"href":"https:\/\/miranda-mediapr.com\/en\/wp-json\/wp\/v2\/categories?post=3708"},{"taxonomy":"post_tag","embeddable":true,"href":"https:\/\/miranda-mediapr.com\/en\/wp-json\/wp\/v2\/tags?post=3708"}],"curies":[{"name":"wp","href":"https:\/\/api.w.org\/{rel}","templated":true}]}}