{"id":3384,"date":"2021-05-28T15:47:54","date_gmt":"2021-05-28T15:47:54","guid":{"rendered":"https:\/\/miranda-mediapr.com\/?p=3384"},"modified":"2021-07-27T17:14:33","modified_gmt":"2021-07-27T17:14:33","slug":"ana-paula-ordorica","status":"publish","type":"post","link":"https:\/\/miranda-mediapr.com\/en\/ana-paula-ordorica\/","title":{"rendered":"Ana Paula Ordorica"},"content":{"rendered":"\t\t<div data-elementor-type=\"wp-post\" data-elementor-id=\"3384\" class=\"elementor elementor-3384\" data-elementor-post-type=\"post\">\n\t\t\t\t\t\t<section class=\"elementor-section elementor-top-section elementor-element elementor-element-ec7d85b elementor-section-height-min-height elementor-section-content-middle elementor-section-stretched elementor-section-full_width elementor-section-height-default elementor-section-items-middle\" data-id=\"ec7d85b\" data-element_type=\"section\" data-e-type=\"section\" data-settings=\"{&quot;background_background&quot;:&quot;classic&quot;,&quot;stretch_section&quot;:&quot;section-stretched&quot;}\">\n\t\t\t\t\t\t\t<div class=\"elementor-background-overlay\"><\/div>\n\t\t\t\t\t\t\t<div class=\"elementor-container elementor-column-gap-default\">\n\t\t\t\t\t<div class=\"elementor-column elementor-col-100 elementor-top-column elementor-element elementor-element-3d6ff16\" data-id=\"3d6ff16\" data-element_type=\"column\" data-e-type=\"column\">\n\t\t\t<div class=\"elementor-widget-wrap elementor-element-populated\">\n\t\t\t\t\t\t<div class=\"elementor-element elementor-element-bd3b86d elementor-widget elementor-widget-heading\" data-id=\"bd3b86d\" data-element_type=\"widget\" data-e-type=\"widget\" data-widget_type=\"heading.default\">\n\t\t\t\t<div class=\"elementor-widget-container\">\n\t\t\t\t\t<h2 class=\"elementor-heading-title elementor-size-default\">Ana Paula Ordorica <\/h2>\t\t\t\t<\/div>\n\t\t\t\t<\/div>\n\t\t\t\t\t<\/div>\n\t\t<\/div>\n\t\t\t\t\t<\/div>\n\t\t<\/section>\n\t\t\t\t<section class=\"elementor-section elementor-top-section elementor-element elementor-element-7cbb103 elementor-section-stretched elementor-section-boxed elementor-section-height-default elementor-section-height-default elementor-invisible\" data-id=\"7cbb103\" data-element_type=\"section\" data-e-type=\"section\" data-settings=\"{&quot;stretch_section&quot;:&quot;section-stretched&quot;,&quot;animation&quot;:&quot;fadeIn&quot;,&quot;background_background&quot;:&quot;classic&quot;}\">\n\t\t\t\t\t\t<div class=\"elementor-container elementor-column-gap-default\">\n\t\t\t\t\t<div class=\"elementor-column elementor-col-100 elementor-top-column elementor-element elementor-element-1acc363\" data-id=\"1acc363\" data-element_type=\"column\" data-e-type=\"column\">\n\t\t\t<div class=\"elementor-widget-wrap elementor-element-populated\">\n\t\t\t\t\t\t<section class=\"elementor-section elementor-inner-section elementor-element elementor-element-d9ad317 elementor-section-boxed elementor-section-height-default elementor-section-height-default\" data-id=\"d9ad317\" data-element_type=\"section\" data-e-type=\"section\">\n\t\t\t\t\t\t<div class=\"elementor-container elementor-column-gap-wider\">\n\t\t\t\t\t<div class=\"elementor-column elementor-col-50 elementor-inner-column elementor-element elementor-element-9a0760b\" data-id=\"9a0760b\" data-element_type=\"column\" data-e-type=\"column\">\n\t\t\t<div class=\"elementor-widget-wrap elementor-element-populated\">\n\t\t\t\t\t\t<div class=\"elementor-element elementor-element-94bef1a elementor-widget elementor-widget-image\" data-id=\"94bef1a\" data-element_type=\"widget\" data-e-type=\"widget\" data-widget_type=\"image.default\">\n\t\t\t\t<div class=\"elementor-widget-container\">\n\t\t\t\t\t\t\t\t\t\t\t\t\t\t\t<img fetchpriority=\"high\" decoding=\"async\" width=\"600\" height=\"600\" src=\"https:\/\/miranda-mediapr.com\/wp-content\/uploads\/2021\/05\/ana_paula_2.png\" class=\"attachment-large size-large wp-image-2831\" alt=\"\" srcset=\"https:\/\/miranda-mediapr.com\/wp-content\/uploads\/2021\/05\/ana_paula_2.png 600w, https:\/\/miranda-mediapr.com\/wp-content\/uploads\/2021\/05\/ana_paula_2-300x300.png 300w, https:\/\/miranda-mediapr.com\/wp-content\/uploads\/2021\/05\/ana_paula_2-150x150.png 150w, https:\/\/miranda-mediapr.com\/wp-content\/uploads\/2021\/05\/ana_paula_2-12x12.png 12w\" sizes=\"(max-width: 600px) 100vw, 600px\" \/>\t\t\t\t\t\t\t\t\t\t\t\t\t\t\t<\/div>\n\t\t\t\t<\/div>\n\t\t\t\t<div class=\"elementor-element elementor-element-ecc3be1 elementor-mobile-align-center elementor-align-center elementor-widget elementor-widget-button\" data-id=\"ecc3be1\" data-element_type=\"widget\" data-e-type=\"widget\" data-widget_type=\"button.default\">\n\t\t\t\t<div class=\"elementor-widget-container\">\n\t\t\t\t\t\t\t\t\t<div class=\"elementor-button-wrapper\">\n\t\t\t\t\t<a class=\"elementor-button elementor-button-link elementor-size-sm elementor-animation-hang\" href=\"https:\/\/www.linkedin.com\/in\/ana-paula-ordorica-mariscal-28914b19b\/\" target=\"_blank\" rel=\"noopener\">\n\t\t\t\t\t\t<span class=\"elementor-button-content-wrapper\">\n\t\t\t\t\t\t<span class=\"elementor-button-icon\">\n\t\t\t\t\t\t\t<\/span>\n\t\t\t\t\t\t\t\t\t<span class=\"elementor-button-text\">LinkedIn<\/span>\n\t\t\t\t\t<\/span>\n\t\t\t\t\t<\/a>\n\t\t\t\t<\/div>\n\t\t\t\t\t\t\t\t<\/div>\n\t\t\t\t<\/div>\n\t\t\t\t\t<\/div>\n\t\t<\/div>\n\t\t\t\t<div class=\"elementor-column elementor-col-50 elementor-inner-column elementor-element elementor-element-7c39ffd\" data-id=\"7c39ffd\" data-element_type=\"column\" data-e-type=\"column\">\n\t\t\t<div class=\"elementor-widget-wrap elementor-element-populated\">\n\t\t\t\t\t\t<div class=\"elementor-element elementor-element-35db088 elementor-widget elementor-widget-heading\" data-id=\"35db088\" data-element_type=\"widget\" data-e-type=\"widget\" data-widget_type=\"heading.default\">\n\t\t\t\t<div class=\"elementor-widget-container\">\n\t\t\t\t\t<h2 class=\"elementor-heading-title elementor-size-default\">About<\/h2>\t\t\t\t<\/div>\n\t\t\t\t<\/div>\n\t\t\t\t<div class=\"elementor-element elementor-element-c2340d2 elementor-widget elementor-widget-text-editor\" data-id=\"c2340d2\" data-element_type=\"widget\" data-e-type=\"widget\" data-widget_type=\"text-editor.default\">\n\t\t\t\t<div class=\"elementor-widget-container\">\n\t\t\t\t\t\t\t\t\t<p>Ana Paula Ordorica is currently the anchor of the program <em>A las Tres<\/em>\u00a0that is broadcasted on<em>\u00a0Foro TV<\/em>\u00a0channel on Televisa. Every week,\u00a0Ordorica\u00a0publishes her column\u00a0<em>Br\u00fajula<\/em>\u00a0in the newspaper\u00a0<em>El Universal<\/em>\u00a0in which she covers national and international political issues.<\/p><p>In\u00a0<em>Broojula<\/em>, a podcats that is published on most plataforms (Apple; Spotify; iHeart radio; SoundCloud; etc),\u00a0Ana\u00a0Paula\u00a0Ordorica\u00a0analyzes the days news from Mexico and other countries in less than 20 minutes, Monday to Friday.<\/p><p>As a lecturer,\u00a0Ana\u00a0Paula\u00a0Ordorica\u00a0focuses on domestic and international politics, and with simple and accessible language, she explains breaking news to her audience.<\/p><p>Ordorica has a BA in International Relation form the Instituto Tecnol\u00f3gico Aut\u00f3nomo de M\u00e9xico.<\/p><p>\u00a0<\/p><p><strong>Other achievements<\/strong><\/p><p>Ana\u00a0Paula\u00a0Ordorica\u00a0is also the author of the book\u00a0<em>2012: Los Dos Poteros. <\/em><em>Dos Conversaciones<\/em>\u00a0(2012) and coordinator of\u00a0<em>Uno + Uno: 32 L\u00edderes Sumando por M\u00e9xico<\/em>\u00a0(2011)<\/p><p>Winner of the 2015 ITAM &#8216;Professional Merit&#8217; award<\/p>\t\t\t\t\t\t\t\t<\/div>\n\t\t\t\t<\/div>\n\t\t\t\t<div class=\"elementor-element elementor-element-a279cb3 elementor-widget elementor-widget-heading\" data-id=\"a279cb3\" data-element_type=\"widget\" data-e-type=\"widget\" data-widget_type=\"heading.default\">\n\t\t\t\t<div class=\"elementor-widget-container\">\n\t\t\t\t\t<h2 class=\"elementor-heading-title elementor-size-default\">Languages<\/h2>\t\t\t\t<\/div>\n\t\t\t\t<\/div>\n\t\t\t\t<div class=\"elementor-element elementor-element-470b336 elementor-widget elementor-widget-text-editor\" data-id=\"470b336\" data-element_type=\"widget\" data-e-type=\"widget\" data-widget_type=\"text-editor.default\">\n\t\t\t\t<div class=\"elementor-widget-container\">\n\t\t\t\t\t\t\t\t\t<p>Spanish \/ English<\/p>\t\t\t\t\t\t\t\t<\/div>\n\t\t\t\t<\/div>\n\t\t\t\t<div class=\"elementor-element elementor-element-ecbd6de elementor-widget elementor-widget-heading\" data-id=\"ecbd6de\" data-element_type=\"widget\" data-e-type=\"widget\" data-widget_type=\"heading.default\">\n\t\t\t\t<div class=\"elementor-widget-container\">\n\t\t\t\t\t<h2 class=\"elementor-heading-title elementor-size-default\">Topics<\/h2>\t\t\t\t<\/div>\n\t\t\t\t<\/div>\n\t\t\t\t<div class=\"elementor-element elementor-element-3966e79 elementor-widget elementor-widget-text-editor\" data-id=\"3966e79\" data-element_type=\"widget\" data-e-type=\"widget\" data-widget_type=\"text-editor.default\">\n\t\t\t\t<div class=\"elementor-widget-container\">\n\t\t\t\t\t\t\t\t\t<ul><li>National politics<\/li><li>International relations<\/li><li>United States politics<\/li><\/ul>\t\t\t\t\t\t\t\t<\/div>\n\t\t\t\t<\/div>\n\t\t\t\t<div class=\"elementor-element elementor-element-00cf976 elementor-widget elementor-widget-heading\" data-id=\"00cf976\" data-element_type=\"widget\" data-e-type=\"widget\" data-widget_type=\"heading.default\">\n\t\t\t\t<div class=\"elementor-widget-container\">\n\t\t\t\t\t<h2 class=\"elementor-heading-title elementor-size-default\">Multimedia<\/h2>\t\t\t\t<\/div>\n\t\t\t\t<\/div>\n\t\t\t\t<div class=\"elementor-element elementor-element-e3578ac elementor-widget elementor-widget-video\" data-id=\"e3578ac\" data-element_type=\"widget\" data-e-type=\"widget\" data-settings=\"{&quot;youtube_url&quot;:&quot;https:\\\/\\\/www.youtube.com\\\/watch?v=Mv_C6F1TE6k&quot;,&quot;video_type&quot;:&quot;youtube&quot;,&quot;controls&quot;:&quot;yes&quot;}\" data-widget_type=\"video.default\">\n\t\t\t\t<div class=\"elementor-widget-container\">\n\t\t\t\t\t\t\t<div class=\"elementor-wrapper elementor-open-inline\">\n\t\t\t<div class=\"elementor-video\"><\/div>\t\t<\/div>\n\t\t\t\t\t\t<\/div>\n\t\t\t\t<\/div>\n\t\t\t\t<div class=\"elementor-element elementor-element-b33e206 elementor-widget elementor-widget-video\" data-id=\"b33e206\" data-element_type=\"widget\" data-e-type=\"widget\" data-settings=\"{&quot;youtube_url&quot;:&quot;https:\\\/\\\/www.youtube.com\\\/watch?v=EQBfCvPLFlc&quot;,&quot;video_type&quot;:&quot;youtube&quot;,&quot;controls&quot;:&quot;yes&quot;}\" data-widget_type=\"video.default\">\n\t\t\t\t<div class=\"elementor-widget-container\">\n\t\t\t\t\t\t\t<div class=\"elementor-wrapper elementor-open-inline\">\n\t\t\t<div class=\"elementor-video\"><\/div>\t\t<\/div>\n\t\t\t\t\t\t<\/div>\n\t\t\t\t<\/div>\n\t\t\t\t\t<\/div>\n\t\t<\/div>\n\t\t\t\t\t<\/div>\n\t\t<\/section>\n\t\t\t\t\t<\/div>\n\t\t<\/div>\n\t\t\t\t\t<\/div>\n\t\t<\/section>\n\t\t\t\t<\/div>\n\t\t","protected":false},"excerpt":{"rendered":"<p>Ana Paula Ordorica LinkedIn About Ana Paula Ordorica is currently the anchor of the program A las Tres&nbsp;that is broadcasted on&nbsp;Foro TV&nbsp;channel on Televisa. Every week,&nbsp;Ordorica&nbsp;publishes her column&nbsp;Br\u00fajula&nbsp;in the newspaper&nbsp;El Universal&nbsp;in which she covers national and international political issues. In&nbsp;Broojula, a podcats that is published on most plataforms (Apple; Spotify; iHeart radio; SoundCloud; etc),&nbsp;Ana&nbsp;Paula&nbsp;Ordorica&nbsp;analyzes the [&hellip;]<\/p>\n","protected":false},"author":1,"featured_media":0,"comment_status":"open","ping_status":"open","sticky":false,"template":"elementor_header_footer","format":"standard","meta":{"footnotes":""},"categories":[1],"tags":[],"class_list":["post-3384","post","type-post","status-publish","format-standard","hentry","category-uncategorized"],"_links":{"self":[{"href":"https:\/\/miranda-mediapr.com\/en\/wp-json\/wp\/v2\/posts\/3384","targetHints":{"allow":["GET"]}}],"collection":[{"href":"https:\/\/miranda-mediapr.com\/en\/wp-json\/wp\/v2\/posts"}],"about":[{"href":"https:\/\/miranda-mediapr.com\/en\/wp-json\/wp\/v2\/types\/post"}],"author":[{"embeddable":true,"href":"https:\/\/miranda-mediapr.com\/en\/wp-json\/wp\/v2\/users\/1"}],"replies":[{"embeddable":true,"href":"https:\/\/miranda-mediapr.com\/en\/wp-json\/wp\/v2\/comments?post=3384"}],"version-history":[{"count":0,"href":"https:\/\/miranda-mediapr.com\/en\/wp-json\/wp\/v2\/posts\/3384\/revisions"}],"wp:attachment":[{"href":"https:\/\/miranda-mediapr.com\/en\/wp-json\/wp\/v2\/media?parent=3384"}],"wp:term":[{"taxonomy":"category","embeddable":true,"href":"https:\/\/miranda-mediapr.com\/en\/wp-json\/wp\/v2\/categories?post=3384"},{"taxonomy":"post_tag","embeddable":true,"href":"https:\/\/miranda-mediapr.com\/en\/wp-json\/wp\/v2\/tags?post=3384"}],"curies":[{"name":"wp","href":"https:\/\/api.w.org\/{rel}","templated":true}]}}